{"id":25684,"date":"2023-07-10T19:09:58","date_gmt":"2023-07-10T19:09:58","guid":{"rendered":"https:\/\/www.popular-pictures.com\/complete-preproduction-for-swiss-tv-programme-production-in-mayorca-spain\/"},"modified":"2023-07-10T19:58:56","modified_gmt":"2023-07-10T19:58:56","slug":"complete-preproduction-for-swiss-tv-programme-production-in-mayorca-spain","status":"publish","type":"post","link":"https:\/\/www.popular-pictures.com\/de\/complete-preproduction-for-swiss-tv-programme-production-in-mayorca-spain\/","title":{"rendered":"Vorproduktion und Recherche f\u00fcr TV-Produktion auf Mallorca"},"content":{"rendered":"\t\t<div data-elementor-type=\"wp-post\" data-elementor-id=\"25684\" class=\"elementor elementor-25684 elementor-25654\" data-elementor-post-type=\"post\">\n\t\t\t\t\t\t<section class=\"elementor-section elementor-top-section elementor-element elementor-element-544ef3 elementor-section-content-middle elementor-reverse-mobile elementor-section-boxed elementor-section-height-default elementor-section-height-default\" data-id=\"544ef3\" data-element_type=\"section\" data-e-type=\"section\">\n\t\t\t\t\t\t<div class=\"elementor-container elementor-column-gap-default\">\n\t\t\t\t\t<div class=\"elementor-column elementor-col-50 elementor-top-column elementor-element elementor-element-1b0f9b67\" data-id=\"1b0f9b67\" data-element_type=\"column\" data-e-type=\"column\">\n\t\t\t<div class=\"elementor-widget-wrap elementor-element-populated\">\n\t\t\t\t\t\t<div class=\"elementor-element elementor-element-73c378cc elementor-widget elementor-widget-gallery\" data-id=\"73c378cc\" data-element_type=\"widget\" data-e-type=\"widget\" data-settings=\"{&quot;columns&quot;:2,&quot;lazyload&quot;:&quot;yes&quot;,&quot;gallery_layout&quot;:&quot;grid&quot;,&quot;columns_tablet&quot;:2,&quot;columns_mobile&quot;:1,&quot;gap&quot;:{&quot;unit&quot;:&quot;px&quot;,&quot;size&quot;:10,&quot;sizes&quot;:[]},&quot;gap_tablet&quot;:{&quot;unit&quot;:&quot;px&quot;,&quot;size&quot;:10,&quot;sizes&quot;:[]},&quot;gap_mobile&quot;:{&quot;unit&quot;:&quot;px&quot;,&quot;size&quot;:10,&quot;sizes&quot;:[]},&quot;link_to&quot;:&quot;file&quot;,&quot;aspect_ratio&quot;:&quot;3:2&quot;,&quot;overlay_background&quot;:&quot;yes&quot;,&quot;content_hover_animation&quot;:&quot;fade-in&quot;}\" data-widget_type=\"gallery.default\">\n\t\t\t\t<div class=\"elementor-widget-container\">\n\t\t\t\t\t\t\t<div class=\"elementor-gallery__container\">\n\t\t\t\t\t\t\t<a class=\"e-gallery-item elementor-gallery-item elementor-animated-content\" href=\"https:\/\/www.popular-pictures.com\/wp-content\/uploads\/2023\/07\/Mayorca-Location-Scout.jpg\" data-elementor-open-lightbox=\"yes\" data-elementor-lightbox-slideshow=\"73c378cc\" data-e-action-hash=\"#elementor-action%3Aaction%3Dlightbox%26settings%3DeyJpZCI6MjU2NjksInVybCI6Imh0dHBzOlwvXC93d3cucG9wdWxhci1waWN0dXJlcy5jb21cL3dwLWNvbnRlbnRcL3VwbG9hZHNcLzIwMjNcLzA3XC9NYXlvcmNhLUxvY2F0aW9uLVNjb3V0LmpwZyIsInNsaWRlc2hvdyI6IjczYzM3OGNjIn0%3D\">\n\t\t\t\t\t<div class=\"e-gallery-image elementor-gallery-item__image\" data-thumbnail=\"https:\/\/www.popular-pictures.com\/wp-content\/uploads\/2023\/07\/Mayorca-Location-Scout-300x225.jpg\" data-width=\"300\" data-height=\"225\" aria-label=\"\" role=\"img\" ><\/div>\n\t\t\t\t\t\t\t\t\t\t\t<div class=\"elementor-gallery-item__overlay\"><\/div>\n\t\t\t\t\t\t\t\t\t\t\t\t\t\t<\/a>\n\t\t\t\t\t\t\t<a class=\"e-gallery-item elementor-gallery-item elementor-animated-content\" href=\"https:\/\/www.popular-pictures.com\/wp-content\/uploads\/2023\/07\/Mayorca-Fixer.jpg\" data-elementor-open-lightbox=\"yes\" data-elementor-lightbox-slideshow=\"73c378cc\" data-e-action-hash=\"#elementor-action%3Aaction%3Dlightbox%26settings%3DeyJpZCI6MjU2NjYsInVybCI6Imh0dHBzOlwvXC93d3cucG9wdWxhci1waWN0dXJlcy5jb21cL3dwLWNvbnRlbnRcL3VwbG9hZHNcLzIwMjNcLzA3XC9NYXlvcmNhLUZpeGVyLmpwZyIsInNsaWRlc2hvdyI6IjczYzM3OGNjIn0%3D\">\n\t\t\t\t\t<div class=\"e-gallery-image elementor-gallery-item__image\" data-thumbnail=\"https:\/\/www.popular-pictures.com\/wp-content\/uploads\/2023\/07\/Mayorca-Fixer-300x225.jpg\" data-width=\"300\" data-height=\"225\" aria-label=\"\" role=\"img\" ><\/div>\n\t\t\t\t\t\t\t\t\t\t\t<div class=\"elementor-gallery-item__overlay\"><\/div>\n\t\t\t\t\t\t\t\t\t\t\t\t\t\t<\/a>\n\t\t\t\t\t\t\t<a class=\"e-gallery-item elementor-gallery-item elementor-animated-content\" href=\"https:\/\/www.popular-pictures.com\/wp-content\/uploads\/2023\/07\/Mallorca-Stringer.jpg\" data-elementor-open-lightbox=\"yes\" data-elementor-lightbox-slideshow=\"73c378cc\" data-e-action-hash=\"#elementor-action%3Aaction%3Dlightbox%26settings%3DeyJpZCI6MjU2NjMsInVybCI6Imh0dHBzOlwvXC93d3cucG9wdWxhci1waWN0dXJlcy5jb21cL3dwLWNvbnRlbnRcL3VwbG9hZHNcLzIwMjNcLzA3XC9NYWxsb3JjYS1TdHJpbmdlci5qcGciLCJzbGlkZXNob3ciOiI3M2MzNzhjYyJ9\">\n\t\t\t\t\t<div class=\"e-gallery-image elementor-gallery-item__image\" data-thumbnail=\"https:\/\/www.popular-pictures.com\/wp-content\/uploads\/2023\/07\/Mallorca-Stringer-300x225.jpg\" data-width=\"300\" data-height=\"225\" aria-label=\"\" role=\"img\" ><\/div>\n\t\t\t\t\t\t\t\t\t\t\t<div class=\"elementor-gallery-item__overlay\"><\/div>\n\t\t\t\t\t\t\t\t\t\t\t\t\t\t<\/a>\n\t\t\t\t\t\t\t<a class=\"e-gallery-item elementor-gallery-item elementor-animated-content\" href=\"https:\/\/www.popular-pictures.com\/wp-content\/uploads\/2023\/07\/Location-Scout-Mallorca.jpg\" data-elementor-open-lightbox=\"yes\" data-elementor-lightbox-slideshow=\"73c378cc\" data-e-action-hash=\"#elementor-action%3Aaction%3Dlightbox%26settings%3DeyJpZCI6MjU2NjAsInVybCI6Imh0dHBzOlwvXC93d3cucG9wdWxhci1waWN0dXJlcy5jb21cL3dwLWNvbnRlbnRcL3VwbG9hZHNcLzIwMjNcLzA3XC9Mb2NhdGlvbi1TY291dC1NYWxsb3JjYS5qcGciLCJzbGlkZXNob3ciOiI3M2MzNzhjYyJ9\">\n\t\t\t\t\t<div class=\"e-gallery-image elementor-gallery-item__image\" data-thumbnail=\"https:\/\/www.popular-pictures.com\/wp-content\/uploads\/2023\/07\/Location-Scout-Mallorca-300x225.jpg\" data-width=\"300\" data-height=\"225\" aria-label=\"\" role=\"img\" ><\/div>\n\t\t\t\t\t\t\t\t\t\t\t<div class=\"elementor-gallery-item__overlay\"><\/div>\n\t\t\t\t\t\t\t\t\t\t\t\t\t\t<\/a>\n\t\t\t\t\t<\/div>\n\t\t\t\t\t<\/div>\n\t\t\t\t<\/div>\n\t\t\t\t\t<\/div>\n\t\t<\/div>\n\t\t\t\t<div class=\"elementor-column elementor-col-50 elementor-top-column elementor-element elementor-element-4a79d71f\" data-id=\"4a79d71f\" data-element_type=\"column\" data-e-type=\"column\">\n\t\t\t<div class=\"elementor-widget-wrap elementor-element-populated\">\n\t\t\t\t\t\t<div class=\"elementor-element elementor-element-12e2b5ab elementor-widget elementor-widget-heading\" data-id=\"12e2b5ab\" data-element_type=\"widget\" data-e-type=\"widget\" data-widget_type=\"heading.default\">\n\t\t\t\t<div class=\"elementor-widget-container\">\n\t\t\t\t\t<h2 class=\"elementor-heading-title elementor-size-default\">Vorproduktion f\u00fcr TV Programm von Schweizer Fernsehen (SRF) auf Mallorca.<\/h2>\t\t\t\t<\/div>\n\t\t\t\t<\/div>\n\t\t\t\t<div class=\"elementor-element elementor-element-73fa1440 elementor-widget elementor-widget-text-editor\" data-id=\"73fa1440\" data-element_type=\"widget\" data-e-type=\"widget\" data-widget_type=\"text-editor.default\">\n\t\t\t\t<div class=\"elementor-widget-container\">\n\t\t\t\t\t\t\t\t\t<p class=\"p1\">F\u00fcr eine einw\u00f6chige <strong>TV-Produktion<\/strong> des <strong>Schweizer Senders SRF<\/strong> \u00fcbernahmen wir\u00a0 <strong>Location-Scouting<\/strong> und <strong>zweisprachige Recherche<\/strong> um interessante Protagonisten und passende Locations zu finden, \u00fcbernahmen die Beh\u00f6rden-Kommunikation, kl\u00e4rten <strong>Drehgenehmigungen<\/strong> ab und unterst\u00fctzten bei der Logistik und Drehplanung um eine reibungslose Produktion auf der <strong>spanischen Insel Mallorca<\/strong> zu gew\u00e4hrleisten.<\/p>\t\t\t\t\t\t\t\t<\/div>\n\t\t\t\t<\/div>\n\t\t\t\t\t<\/div>\n\t\t<\/div>\n\t\t\t\t\t<\/div>\n\t\t<\/section>\n\t\t\t\t<\/div>\n\t\t","protected":false},"excerpt":{"rendered":"<p>Vorproduktion f\u00fcr TV Programm von Schweizer Fernsehen (SRF) auf Mallorca. F\u00fcr eine einw\u00f6chige TV-Produktion des Schweizer Senders SRF \u00fcbernahmen wir\u00a0 Location-Scouting und zweisprachige Recherche um interessante Protagonisten und passende Locations zu finden, \u00fcbernahmen die Beh\u00f6rden-Kommunikation, kl\u00e4rten Drehgenehmigungen ab und unterst\u00fctzten bei der Logistik und Drehplanung um eine reibungslose Produktion auf der spanischen Insel Mallorca zu [&hellip;]<\/p>\n","protected":false},"author":1,"featured_media":25661,"comment_status":"closed","ping_status":"closed","sticky":false,"template":"","format":"standard","meta":{"footnotes":""},"categories":[42],"tags":[1938,1112,1939,1940,1121,1122,1941,1234,1443,1942],"class_list":["post-25684","post","type-post","status-publish","format-standard","has-post-thumbnail","hentry","category-latest-video-productions","tag-bilingual-production-fixer-spain-de","tag-deutscher-stringer-spanien-de","tag-location-scout-spain-de","tag-location-scout-spanien-de","tag-mallorca-de","tag-mayorca-de","tag-production-fixing-spain-de","tag-stringer-de","tag-tv-stringer-spain-de","tag-zweisprachiger-fixer-mallorca-de"],"yoast_head":"<!-- This site is optimized with the Yoast SEO plugin v27.3 - https:\/\/yoast.com\/product\/yoast-seo-wordpress\/ -->\n<title>Vorproduktion und Recherche f\u00fcr TV-Produktion auf Mallorca - english video crew spain - Popular Pictures<\/title>\n<meta name=\"robots\" content=\"index, follow, max-snippet:-1, max-image-preview:large, max-video-preview:-1\" \/>\n<link rel=\"canonical\" href=\"https:\/\/www.popular-pictures.com\/de\/complete-preproduction-for-swiss-tv-programme-production-in-mayorca-spain\/\" \/>\n<meta property=\"og:locale\" content=\"de_DE\" \/>\n<meta property=\"og:type\" content=\"article\" \/>\n<meta property=\"og:title\" content=\"Vorproduktion und Recherche f\u00fcr TV-Produktion auf Mallorca - english video crew spain - Popular Pictures\" \/>\n<meta property=\"og:description\" content=\"Vorproduktion f\u00fcr TV Programm von Schweizer Fernsehen (SRF) auf Mallorca. F\u00fcr eine einw\u00f6chige TV-Produktion des Schweizer Senders SRF \u00fcbernahmen wir\u00a0 Location-Scouting und zweisprachige Recherche um interessante Protagonisten und passende Locations zu finden, \u00fcbernahmen die Beh\u00f6rden-Kommunikation, kl\u00e4rten Drehgenehmigungen ab und unterst\u00fctzten bei der Logistik und Drehplanung um eine reibungslose Produktion auf der spanischen Insel Mallorca zu [&hellip;]\" \/>\n<meta property=\"og:url\" content=\"https:\/\/www.popular-pictures.com\/de\/complete-preproduction-for-swiss-tv-programme-production-in-mayorca-spain\/\" \/>\n<meta property=\"og:site_name\" content=\"english video crew spain - Popular Pictures\" \/>\n<meta property=\"article:publisher\" content=\"https:\/\/www.facebook.com\/PopularPictures\/\" \/>\n<meta property=\"article:published_time\" content=\"2023-07-10T19:09:58+00:00\" \/>\n<meta property=\"article:modified_time\" content=\"2023-07-10T19:58:56+00:00\" \/>\n<meta property=\"og:image\" content=\"https:\/\/www.popular-pictures.com\/wp-content\/uploads\/2023\/07\/Location-Scout-Mallorca.jpg\" \/>\n\t<meta property=\"og:image:width\" content=\"640\" \/>\n\t<meta property=\"og:image:height\" content=\"480\" \/>\n\t<meta property=\"og:image:type\" content=\"image\/jpeg\" \/>\n<meta name=\"author\" content=\"rizco\" \/>\n<meta name=\"twitter:card\" content=\"summary_large_image\" \/>\n<meta name=\"twitter:label1\" content=\"Verfasst von\" \/>\n\t<meta name=\"twitter:data1\" content=\"rizco\" \/>\n\t<meta name=\"twitter:label2\" content=\"Gesch\u00e4tzte Lesezeit\" \/>\n\t<meta name=\"twitter:data2\" content=\"1\u00a0Minute\" \/>\n<script type=\"application\/ld+json\" class=\"yoast-schema-graph\">{\"@context\":\"https:\\\/\\\/schema.org\",\"@graph\":[{\"@type\":\"Article\",\"@id\":\"https:\\\/\\\/www.popular-pictures.com\\\/de\\\/complete-preproduction-for-swiss-tv-programme-production-in-mayorca-spain\\\/#article\",\"isPartOf\":{\"@id\":\"https:\\\/\\\/www.popular-pictures.com\\\/de\\\/complete-preproduction-for-swiss-tv-programme-production-in-mayorca-spain\\\/\"},\"author\":{\"name\":\"rizco\",\"@id\":\"https:\\\/\\\/www.popular-pictures.com\\\/de\\\/#\\\/schema\\\/person\\\/dc4aacff078c57235f759073b9d60854\"},\"headline\":\"Vorproduktion und Recherche f\u00fcr TV-Produktion auf Mallorca\",\"datePublished\":\"2023-07-10T19:09:58+00:00\",\"dateModified\":\"2023-07-10T19:58:56+00:00\",\"mainEntityOfPage\":{\"@id\":\"https:\\\/\\\/www.popular-pictures.com\\\/de\\\/complete-preproduction-for-swiss-tv-programme-production-in-mayorca-spain\\\/\"},\"wordCount\":71,\"publisher\":{\"@id\":\"https:\\\/\\\/www.popular-pictures.com\\\/de\\\/#organization\"},\"image\":{\"@id\":\"https:\\\/\\\/www.popular-pictures.com\\\/de\\\/complete-preproduction-for-swiss-tv-programme-production-in-mayorca-spain\\\/#primaryimage\"},\"thumbnailUrl\":\"https:\\\/\\\/www.popular-pictures.com\\\/wp-content\\\/uploads\\\/2023\\\/07\\\/Location-Scout-Mallorca.jpg\",\"keywords\":[\"bilingual-production-fixer-Spain\",\"deutscher-Stringer-Spanien\",\"location-scout-Spain\",\"Location-Scout-Spanien\",\"Mallorca\",\"Mayorca\",\"Production-Fixing-Spain\",\"Stringer\",\"TV-Stringer-Spain\",\"zweisprachiger-Fixer-Mallorca\"],\"articleSection\":[\"Latest video productions: (DE)\"],\"inLanguage\":\"de\"},{\"@type\":\"WebPage\",\"@id\":\"https:\\\/\\\/www.popular-pictures.com\\\/de\\\/complete-preproduction-for-swiss-tv-programme-production-in-mayorca-spain\\\/\",\"url\":\"https:\\\/\\\/www.popular-pictures.com\\\/de\\\/complete-preproduction-for-swiss-tv-programme-production-in-mayorca-spain\\\/\",\"name\":\"Vorproduktion und Recherche f\u00fcr TV-Produktion auf Mallorca - english video crew spain - Popular Pictures\",\"isPartOf\":{\"@id\":\"https:\\\/\\\/www.popular-pictures.com\\\/de\\\/#website\"},\"primaryImageOfPage\":{\"@id\":\"https:\\\/\\\/www.popular-pictures.com\\\/de\\\/complete-preproduction-for-swiss-tv-programme-production-in-mayorca-spain\\\/#primaryimage\"},\"image\":{\"@id\":\"https:\\\/\\\/www.popular-pictures.com\\\/de\\\/complete-preproduction-for-swiss-tv-programme-production-in-mayorca-spain\\\/#primaryimage\"},\"thumbnailUrl\":\"https:\\\/\\\/www.popular-pictures.com\\\/wp-content\\\/uploads\\\/2023\\\/07\\\/Location-Scout-Mallorca.jpg\",\"datePublished\":\"2023-07-10T19:09:58+00:00\",\"dateModified\":\"2023-07-10T19:58:56+00:00\",\"breadcrumb\":{\"@id\":\"https:\\\/\\\/www.popular-pictures.com\\\/de\\\/complete-preproduction-for-swiss-tv-programme-production-in-mayorca-spain\\\/#breadcrumb\"},\"inLanguage\":\"de\",\"potentialAction\":[{\"@type\":\"ReadAction\",\"target\":[\"https:\\\/\\\/www.popular-pictures.com\\\/de\\\/complete-preproduction-for-swiss-tv-programme-production-in-mayorca-spain\\\/\"]}]},{\"@type\":\"ImageObject\",\"inLanguage\":\"de\",\"@id\":\"https:\\\/\\\/www.popular-pictures.com\\\/de\\\/complete-preproduction-for-swiss-tv-programme-production-in-mayorca-spain\\\/#primaryimage\",\"url\":\"https:\\\/\\\/www.popular-pictures.com\\\/wp-content\\\/uploads\\\/2023\\\/07\\\/Location-Scout-Mallorca.jpg\",\"contentUrl\":\"https:\\\/\\\/www.popular-pictures.com\\\/wp-content\\\/uploads\\\/2023\\\/07\\\/Location-Scout-Mallorca.jpg\",\"width\":640,\"height\":480},{\"@type\":\"BreadcrumbList\",\"@id\":\"https:\\\/\\\/www.popular-pictures.com\\\/de\\\/complete-preproduction-for-swiss-tv-programme-production-in-mayorca-spain\\\/#breadcrumb\",\"itemListElement\":[{\"@type\":\"ListItem\",\"position\":1,\"name\":\"Home\",\"item\":\"https:\\\/\\\/www.popular-pictures.com\\\/de\\\/\"},{\"@type\":\"ListItem\",\"position\":2,\"name\":\"Vorproduktion und Recherche f\u00fcr TV-Produktion auf Mallorca\"}]},{\"@type\":\"WebSite\",\"@id\":\"https:\\\/\\\/www.popular-pictures.com\\\/de\\\/#website\",\"url\":\"https:\\\/\\\/www.popular-pictures.com\\\/de\\\/\",\"name\":\"english video crew spain - Popular Pictures\",\"description\":\"deutschsprachiges Kamerateam Spanien\",\"publisher\":{\"@id\":\"https:\\\/\\\/www.popular-pictures.com\\\/de\\\/#organization\"},\"potentialAction\":[{\"@type\":\"SearchAction\",\"target\":{\"@type\":\"EntryPoint\",\"urlTemplate\":\"https:\\\/\\\/www.popular-pictures.com\\\/de\\\/?s={search_term_string}\"},\"query-input\":{\"@type\":\"PropertyValueSpecification\",\"valueRequired\":true,\"valueName\":\"search_term_string\"}}],\"inLanguage\":\"de\"},{\"@type\":\"Organization\",\"@id\":\"https:\\\/\\\/www.popular-pictures.com\\\/de\\\/#organization\",\"name\":\"english video crew spain - Popular Pictures\",\"url\":\"https:\\\/\\\/www.popular-pictures.com\\\/de\\\/\",\"logo\":{\"@type\":\"ImageObject\",\"inLanguage\":\"de\",\"@id\":\"https:\\\/\\\/www.popular-pictures.com\\\/de\\\/#\\\/schema\\\/logo\\\/image\\\/\",\"url\":\"https:\\\/\\\/www.popular-pictures.com\\\/wp-content\\\/uploads\\\/2021\\\/11\\\/popularpictures-video-production-spain.png\",\"contentUrl\":\"https:\\\/\\\/www.popular-pictures.com\\\/wp-content\\\/uploads\\\/2021\\\/11\\\/popularpictures-video-production-spain.png\",\"width\":2048,\"height\":607,\"caption\":\"english video crew spain - Popular Pictures\"},\"image\":{\"@id\":\"https:\\\/\\\/www.popular-pictures.com\\\/de\\\/#\\\/schema\\\/logo\\\/image\\\/\"},\"sameAs\":[\"https:\\\/\\\/www.facebook.com\\\/PopularPictures\\\/\",\"https:\\\/\\\/www.instagram.com\\\/popularpicturesmedia\",\"https:\\\/\\\/www.linkedin.com\\\/company\\\/popular-pictures\"]},{\"@type\":\"Person\",\"@id\":\"https:\\\/\\\/www.popular-pictures.com\\\/de\\\/#\\\/schema\\\/person\\\/dc4aacff078c57235f759073b9d60854\",\"name\":\"rizco\",\"image\":{\"@type\":\"ImageObject\",\"inLanguage\":\"de\",\"@id\":\"https:\\\/\\\/secure.gravatar.com\\\/avatar\\\/939460c4d068b4ccb53eaa05cfa250636bfe4c7959925e93202c3920c4ff77b3?s=96&d=mm&r=g\",\"url\":\"https:\\\/\\\/secure.gravatar.com\\\/avatar\\\/939460c4d068b4ccb53eaa05cfa250636bfe4c7959925e93202c3920c4ff77b3?s=96&d=mm&r=g\",\"contentUrl\":\"https:\\\/\\\/secure.gravatar.com\\\/avatar\\\/939460c4d068b4ccb53eaa05cfa250636bfe4c7959925e93202c3920c4ff77b3?s=96&d=mm&r=g\",\"caption\":\"rizco\"}}]}<\/script>\n<!-- \/ Yoast SEO plugin. -->","yoast_head_json":{"title":"Vorproduktion und Recherche f\u00fcr TV-Produktion auf Mallorca - english video crew spain - Popular Pictures","robots":{"index":"index","follow":"follow","max-snippet":"max-snippet:-1","max-image-preview":"max-image-preview:large","max-video-preview":"max-video-preview:-1"},"canonical":"https:\/\/www.popular-pictures.com\/de\/complete-preproduction-for-swiss-tv-programme-production-in-mayorca-spain\/","og_locale":"de_DE","og_type":"article","og_title":"Vorproduktion und Recherche f\u00fcr TV-Produktion auf Mallorca - english video crew spain - Popular Pictures","og_description":"Vorproduktion f\u00fcr TV Programm von Schweizer Fernsehen (SRF) auf Mallorca. F\u00fcr eine einw\u00f6chige TV-Produktion des Schweizer Senders SRF \u00fcbernahmen wir\u00a0 Location-Scouting und zweisprachige Recherche um interessante Protagonisten und passende Locations zu finden, \u00fcbernahmen die Beh\u00f6rden-Kommunikation, kl\u00e4rten Drehgenehmigungen ab und unterst\u00fctzten bei der Logistik und Drehplanung um eine reibungslose Produktion auf der spanischen Insel Mallorca zu [&hellip;]","og_url":"https:\/\/www.popular-pictures.com\/de\/complete-preproduction-for-swiss-tv-programme-production-in-mayorca-spain\/","og_site_name":"english video crew spain - Popular Pictures","article_publisher":"https:\/\/www.facebook.com\/PopularPictures\/","article_published_time":"2023-07-10T19:09:58+00:00","article_modified_time":"2023-07-10T19:58:56+00:00","og_image":[{"width":640,"height":480,"url":"https:\/\/www.popular-pictures.com\/wp-content\/uploads\/2023\/07\/Location-Scout-Mallorca.jpg","type":"image\/jpeg"}],"author":"rizco","twitter_card":"summary_large_image","twitter_misc":{"Verfasst von":"rizco","Gesch\u00e4tzte Lesezeit":"1\u00a0Minute"},"schema":{"@context":"https:\/\/schema.org","@graph":[{"@type":"Article","@id":"https:\/\/www.popular-pictures.com\/de\/complete-preproduction-for-swiss-tv-programme-production-in-mayorca-spain\/#article","isPartOf":{"@id":"https:\/\/www.popular-pictures.com\/de\/complete-preproduction-for-swiss-tv-programme-production-in-mayorca-spain\/"},"author":{"name":"rizco","@id":"https:\/\/www.popular-pictures.com\/de\/#\/schema\/person\/dc4aacff078c57235f759073b9d60854"},"headline":"Vorproduktion und Recherche f\u00fcr TV-Produktion auf Mallorca","datePublished":"2023-07-10T19:09:58+00:00","dateModified":"2023-07-10T19:58:56+00:00","mainEntityOfPage":{"@id":"https:\/\/www.popular-pictures.com\/de\/complete-preproduction-for-swiss-tv-programme-production-in-mayorca-spain\/"},"wordCount":71,"publisher":{"@id":"https:\/\/www.popular-pictures.com\/de\/#organization"},"image":{"@id":"https:\/\/www.popular-pictures.com\/de\/complete-preproduction-for-swiss-tv-programme-production-in-mayorca-spain\/#primaryimage"},"thumbnailUrl":"https:\/\/www.popular-pictures.com\/wp-content\/uploads\/2023\/07\/Location-Scout-Mallorca.jpg","keywords":["bilingual-production-fixer-Spain","deutscher-Stringer-Spanien","location-scout-Spain","Location-Scout-Spanien","Mallorca","Mayorca","Production-Fixing-Spain","Stringer","TV-Stringer-Spain","zweisprachiger-Fixer-Mallorca"],"articleSection":["Latest video productions: (DE)"],"inLanguage":"de"},{"@type":"WebPage","@id":"https:\/\/www.popular-pictures.com\/de\/complete-preproduction-for-swiss-tv-programme-production-in-mayorca-spain\/","url":"https:\/\/www.popular-pictures.com\/de\/complete-preproduction-for-swiss-tv-programme-production-in-mayorca-spain\/","name":"Vorproduktion und Recherche f\u00fcr TV-Produktion auf Mallorca - english video crew spain - Popular Pictures","isPartOf":{"@id":"https:\/\/www.popular-pictures.com\/de\/#website"},"primaryImageOfPage":{"@id":"https:\/\/www.popular-pictures.com\/de\/complete-preproduction-for-swiss-tv-programme-production-in-mayorca-spain\/#primaryimage"},"image":{"@id":"https:\/\/www.popular-pictures.com\/de\/complete-preproduction-for-swiss-tv-programme-production-in-mayorca-spain\/#primaryimage"},"thumbnailUrl":"https:\/\/www.popular-pictures.com\/wp-content\/uploads\/2023\/07\/Location-Scout-Mallorca.jpg","datePublished":"2023-07-10T19:09:58+00:00","dateModified":"2023-07-10T19:58:56+00:00","breadcrumb":{"@id":"https:\/\/www.popular-pictures.com\/de\/complete-preproduction-for-swiss-tv-programme-production-in-mayorca-spain\/#breadcrumb"},"inLanguage":"de","potentialAction":[{"@type":"ReadAction","target":["https:\/\/www.popular-pictures.com\/de\/complete-preproduction-for-swiss-tv-programme-production-in-mayorca-spain\/"]}]},{"@type":"ImageObject","inLanguage":"de","@id":"https:\/\/www.popular-pictures.com\/de\/complete-preproduction-for-swiss-tv-programme-production-in-mayorca-spain\/#primaryimage","url":"https:\/\/www.popular-pictures.com\/wp-content\/uploads\/2023\/07\/Location-Scout-Mallorca.jpg","contentUrl":"https:\/\/www.popular-pictures.com\/wp-content\/uploads\/2023\/07\/Location-Scout-Mallorca.jpg","width":640,"height":480},{"@type":"BreadcrumbList","@id":"https:\/\/www.popular-pictures.com\/de\/complete-preproduction-for-swiss-tv-programme-production-in-mayorca-spain\/#breadcrumb","itemListElement":[{"@type":"ListItem","position":1,"name":"Home","item":"https:\/\/www.popular-pictures.com\/de\/"},{"@type":"ListItem","position":2,"name":"Vorproduktion und Recherche f\u00fcr TV-Produktion auf Mallorca"}]},{"@type":"WebSite","@id":"https:\/\/www.popular-pictures.com\/de\/#website","url":"https:\/\/www.popular-pictures.com\/de\/","name":"english video crew spain - Popular Pictures","description":"deutschsprachiges Kamerateam Spanien","publisher":{"@id":"https:\/\/www.popular-pictures.com\/de\/#organization"},"potentialAction":[{"@type":"SearchAction","target":{"@type":"EntryPoint","urlTemplate":"https:\/\/www.popular-pictures.com\/de\/?s={search_term_string}"},"query-input":{"@type":"PropertyValueSpecification","valueRequired":true,"valueName":"search_term_string"}}],"inLanguage":"de"},{"@type":"Organization","@id":"https:\/\/www.popular-pictures.com\/de\/#organization","name":"english video crew spain - Popular Pictures","url":"https:\/\/www.popular-pictures.com\/de\/","logo":{"@type":"ImageObject","inLanguage":"de","@id":"https:\/\/www.popular-pictures.com\/de\/#\/schema\/logo\/image\/","url":"https:\/\/www.popular-pictures.com\/wp-content\/uploads\/2021\/11\/popularpictures-video-production-spain.png","contentUrl":"https:\/\/www.popular-pictures.com\/wp-content\/uploads\/2021\/11\/popularpictures-video-production-spain.png","width":2048,"height":607,"caption":"english video crew spain - Popular Pictures"},"image":{"@id":"https:\/\/www.popular-pictures.com\/de\/#\/schema\/logo\/image\/"},"sameAs":["https:\/\/www.facebook.com\/PopularPictures\/","https:\/\/www.instagram.com\/popularpicturesmedia","https:\/\/www.linkedin.com\/company\/popular-pictures"]},{"@type":"Person","@id":"https:\/\/www.popular-pictures.com\/de\/#\/schema\/person\/dc4aacff078c57235f759073b9d60854","name":"rizco","image":{"@type":"ImageObject","inLanguage":"de","@id":"https:\/\/secure.gravatar.com\/avatar\/939460c4d068b4ccb53eaa05cfa250636bfe4c7959925e93202c3920c4ff77b3?s=96&d=mm&r=g","url":"https:\/\/secure.gravatar.com\/avatar\/939460c4d068b4ccb53eaa05cfa250636bfe4c7959925e93202c3920c4ff77b3?s=96&d=mm&r=g","contentUrl":"https:\/\/secure.gravatar.com\/avatar\/939460c4d068b4ccb53eaa05cfa250636bfe4c7959925e93202c3920c4ff77b3?s=96&d=mm&r=g","caption":"rizco"}}]}},"_links":{"self":[{"href":"https:\/\/www.popular-pictures.com\/de\/wp-json\/wp\/v2\/posts\/25684","targetHints":{"allow":["GET"]}}],"collection":[{"href":"https:\/\/www.popular-pictures.com\/de\/wp-json\/wp\/v2\/posts"}],"about":[{"href":"https:\/\/www.popular-pictures.com\/de\/wp-json\/wp\/v2\/types\/post"}],"author":[{"embeddable":true,"href":"https:\/\/www.popular-pictures.com\/de\/wp-json\/wp\/v2\/users\/1"}],"replies":[{"embeddable":true,"href":"https:\/\/www.popular-pictures.com\/de\/wp-json\/wp\/v2\/comments?post=25684"}],"version-history":[{"count":4,"href":"https:\/\/www.popular-pictures.com\/de\/wp-json\/wp\/v2\/posts\/25684\/revisions"}],"predecessor-version":[{"id":25689,"href":"https:\/\/www.popular-pictures.com\/de\/wp-json\/wp\/v2\/posts\/25684\/revisions\/25689"}],"wp:featuredmedia":[{"embeddable":true,"href":"https:\/\/www.popular-pictures.com\/de\/wp-json\/wp\/v2\/media\/25661"}],"wp:attachment":[{"href":"https:\/\/www.popular-pictures.com\/de\/wp-json\/wp\/v2\/media?parent=25684"}],"wp:term":[{"taxonomy":"category","embeddable":true,"href":"https:\/\/www.popular-pictures.com\/de\/wp-json\/wp\/v2\/categories?post=25684"},{"taxonomy":"post_tag","embeddable":true,"href":"https:\/\/www.popular-pictures.com\/de\/wp-json\/wp\/v2\/tags?post=25684"}],"curies":[{"name":"wp","href":"https:\/\/api.w.org\/{rel}","templated":true}]}}