{"id":2419,"date":"2016-04-21T20:54:18","date_gmt":"2016-04-21T20:54:18","guid":{"rendered":"https:\/\/www.popular-pictures.com\/?p=2419"},"modified":"2022-04-27T05:12:58","modified_gmt":"2022-04-27T05:12:58","slug":"multi-kamera-live-produktion-barcelona-spanien","status":"publish","type":"post","link":"https:\/\/www.popular-pictures.com\/de\/multi-kamera-live-produktion-barcelona-spanien\/","title":{"rendered":"3x zweisprachige Kameram\u00e4nner f\u00fcr 2 Tage Multi-Kamera-Live Produktion f\u00fcr \u201cDeutsche Telekom\u201d in Barcelona, Spanien. Telekom Produkt-Launch mit Rapper Will.i.am von \u201cThe Black Eyed Peas\u201d w\u00e4hrend dem Mobile World Congress 2016. Link zur Veranstaltung: www.telekom.com\/innovation\/mwc-2016\/302914"},"content":{"rendered":"<div id='gallery-1' class='gallery galleryid-2419 gallery-columns-4 gallery-size-thumbnail'><figure class='gallery-item'>\n\t\t\t<div class='gallery-icon landscape'>\n\t\t\t\t<a href='https:\/\/www.popular-pictures.com\/de\/zweisprachiger-stringer-und-ubersetzer-in-andalusien-fur-2-wochigen-eu-dokumentarfim-dreh-in-sudspanien\/deutsches-eb-team-spanien\/'><img decoding=\"async\" width=\"150\" height=\"112\" src=\"https:\/\/www.popular-pictures.com\/wp-content\/uploads\/2016\/04\/deutsches-EB-Team-Spanien-150x112.jpg\" class=\"attachment-thumbnail size-thumbnail\" alt=\"\" srcset=\"https:\/\/www.popular-pictures.com\/wp-content\/uploads\/2016\/04\/deutsches-EB-Team-Spanien-150x112.jpg 150w, https:\/\/www.popular-pictures.com\/wp-content\/uploads\/2016\/04\/deutsches-EB-Team-Spanien-300x224.jpg 300w, https:\/\/www.popular-pictures.com\/wp-content\/uploads\/2016\/04\/deutsches-EB-Team-Spanien.jpg 320w\" sizes=\"(max-width: 150px) 100vw, 150px\" \/><\/a>\n\t\t\t<\/div><\/figure><figure class='gallery-item'>\n\t\t\t<div class='gallery-icon landscape'>\n\t\t\t\t<a href='https:\/\/www.popular-pictures.com\/de\/zweisprachiger-stringer-und-ubersetzer-in-andalusien-fur-2-wochigen-eu-dokumentarfim-dreh-in-sudspanien\/zweisprachiger-fotograf-barcelona\/'><img decoding=\"async\" width=\"150\" height=\"100\" src=\"https:\/\/www.popular-pictures.com\/wp-content\/uploads\/2016\/04\/zweisprachiger-Fotograf-Barcelona-150x100.jpg\" class=\"attachment-thumbnail size-thumbnail\" alt=\"\" srcset=\"https:\/\/www.popular-pictures.com\/wp-content\/uploads\/2016\/04\/zweisprachiger-Fotograf-Barcelona-150x100.jpg 150w, https:\/\/www.popular-pictures.com\/wp-content\/uploads\/2016\/04\/zweisprachiger-Fotograf-Barcelona-300x200.jpg 300w, https:\/\/www.popular-pictures.com\/wp-content\/uploads\/2016\/04\/zweisprachiger-Fotograf-Barcelona.jpg 320w\" sizes=\"(max-width: 150px) 100vw, 150px\" \/><\/a>\n\t\t\t<\/div><\/figure><figure class='gallery-item'>\n\t\t\t<div class='gallery-icon landscape'>\n\t\t\t\t<a href='https:\/\/www.popular-pictures.com\/de\/zweisprachiger-stringer-und-ubersetzer-in-andalusien-fur-2-wochigen-eu-dokumentarfim-dreh-in-sudspanien\/deutsches-kamerateam-spanien-7\/'><img decoding=\"async\" width=\"150\" height=\"100\" src=\"https:\/\/www.popular-pictures.com\/wp-content\/uploads\/2016\/04\/deutsches-Kamerateam-Spanien-150x100.jpg\" class=\"attachment-thumbnail size-thumbnail\" alt=\"\" srcset=\"https:\/\/www.popular-pictures.com\/wp-content\/uploads\/2016\/04\/deutsches-Kamerateam-Spanien-150x100.jpg 150w, https:\/\/www.popular-pictures.com\/wp-content\/uploads\/2016\/04\/deutsches-Kamerateam-Spanien-300x200.jpg 300w, https:\/\/www.popular-pictures.com\/wp-content\/uploads\/2016\/04\/deutsches-Kamerateam-Spanien.jpg 320w\" sizes=\"(max-width: 150px) 100vw, 150px\" \/><\/a>\n\t\t\t<\/div><\/figure><figure class='gallery-item'>\n\t\t\t<div class='gallery-icon landscape'>\n\t\t\t\t<a href='https:\/\/www.popular-pictures.com\/de\/zweisprachiger-stringer-und-ubersetzer-in-andalusien-fur-2-wochigen-eu-dokumentarfim-dreh-in-sudspanien\/english-camera-crew-barcelona-4\/'><img loading=\"lazy\" decoding=\"async\" width=\"150\" height=\"84\" src=\"https:\/\/www.popular-pictures.com\/wp-content\/uploads\/2016\/04\/english-camera-crew-Barcelona-150x84.jpg\" class=\"attachment-thumbnail size-thumbnail\" alt=\"\" srcset=\"https:\/\/www.popular-pictures.com\/wp-content\/uploads\/2016\/04\/english-camera-crew-Barcelona-150x84.jpg 150w, https:\/\/www.popular-pictures.com\/wp-content\/uploads\/2016\/04\/english-camera-crew-Barcelona-300x169.jpg 300w, https:\/\/www.popular-pictures.com\/wp-content\/uploads\/2016\/04\/english-camera-crew-Barcelona.jpg 320w\" sizes=\"(max-width: 150px) 100vw, 150px\" \/><\/a>\n\t\t\t<\/div><\/figure><figure class='gallery-item'>\n\t\t\t<div class='gallery-icon landscape'>\n\t\t\t\t<a href='https:\/\/www.popular-pictures.com\/de\/zweisprachiger-stringer-und-ubersetzer-in-andalusien-fur-2-wochigen-eu-dokumentarfim-dreh-in-sudspanien\/multi-camera-live-production-crew-barcelona\/'><img loading=\"lazy\" decoding=\"async\" width=\"150\" height=\"112\" src=\"https:\/\/www.popular-pictures.com\/wp-content\/uploads\/2016\/04\/multi-camera-live-production-crew-Barcelona-150x112.jpg\" class=\"attachment-thumbnail size-thumbnail\" alt=\"\" srcset=\"https:\/\/www.popular-pictures.com\/wp-content\/uploads\/2016\/04\/multi-camera-live-production-crew-Barcelona-150x112.jpg 150w, https:\/\/www.popular-pictures.com\/wp-content\/uploads\/2016\/04\/multi-camera-live-production-crew-Barcelona-300x224.jpg 300w, https:\/\/www.popular-pictures.com\/wp-content\/uploads\/2016\/04\/multi-camera-live-production-crew-Barcelona.jpg 320w\" sizes=\"(max-width: 150px) 100vw, 150px\" \/><\/a>\n\t\t\t<\/div><\/figure><figure class='gallery-item'>\n\t\t\t<div class='gallery-icon landscape'>\n\t\t\t\t<a href='https:\/\/www.popular-pictures.com\/de\/zweisprachiger-stringer-und-ubersetzer-in-andalusien-fur-2-wochigen-eu-dokumentarfim-dreh-in-sudspanien\/eb-kameramann-spanien\/'><img loading=\"lazy\" decoding=\"async\" width=\"150\" height=\"100\" src=\"https:\/\/www.popular-pictures.com\/wp-content\/uploads\/2016\/04\/EB-Kameramann-Spanien-150x100.jpg\" class=\"attachment-thumbnail size-thumbnail\" alt=\"\" srcset=\"https:\/\/www.popular-pictures.com\/wp-content\/uploads\/2016\/04\/EB-Kameramann-Spanien-150x100.jpg 150w, https:\/\/www.popular-pictures.com\/wp-content\/uploads\/2016\/04\/EB-Kameramann-Spanien-300x200.jpg 300w, https:\/\/www.popular-pictures.com\/wp-content\/uploads\/2016\/04\/EB-Kameramann-Spanien.jpg 320w\" sizes=\"(max-width: 150px) 100vw, 150px\" \/><\/a>\n\t\t\t<\/div><\/figure><figure class='gallery-item'>\n\t\t\t<div class='gallery-icon landscape'>\n\t\t\t\t<a href='https:\/\/www.popular-pictures.com\/de\/zweisprachiger-stringer-und-ubersetzer-in-andalusien-fur-2-wochigen-eu-dokumentarfim-dreh-in-sudspanien\/cameraman-barcelona-3\/'><img loading=\"lazy\" decoding=\"async\" width=\"150\" height=\"100\" src=\"https:\/\/www.popular-pictures.com\/wp-content\/uploads\/2016\/04\/cameraman-Barcelona-150x100.jpg\" class=\"attachment-thumbnail size-thumbnail\" alt=\"\" srcset=\"https:\/\/www.popular-pictures.com\/wp-content\/uploads\/2016\/04\/cameraman-Barcelona-150x100.jpg 150w, https:\/\/www.popular-pictures.com\/wp-content\/uploads\/2016\/04\/cameraman-Barcelona-300x200.jpg 300w, https:\/\/www.popular-pictures.com\/wp-content\/uploads\/2016\/04\/cameraman-Barcelona.jpg 320w\" sizes=\"(max-width: 150px) 100vw, 150px\" \/><\/a>\n\t\t\t<\/div><\/figure><figure class='gallery-item'>\n\t\t\t<div class='gallery-icon landscape'>\n\t\t\t\t<a href='https:\/\/www.popular-pictures.com\/de\/zweisprachiger-stringer-und-ubersetzer-in-andalusien-fur-2-wochigen-eu-dokumentarfim-dreh-in-sudspanien\/zweisprachiger-kameramann-spanien-2\/'><img loading=\"lazy\" decoding=\"async\" width=\"150\" height=\"100\" src=\"https:\/\/www.popular-pictures.com\/wp-content\/uploads\/2016\/04\/zweisprachiger-Kameramann-Spanien-150x100.jpg\" class=\"attachment-thumbnail size-thumbnail\" alt=\"\" srcset=\"https:\/\/www.popular-pictures.com\/wp-content\/uploads\/2016\/04\/zweisprachiger-Kameramann-Spanien-150x100.jpg 150w, https:\/\/www.popular-pictures.com\/wp-content\/uploads\/2016\/04\/zweisprachiger-Kameramann-Spanien-300x200.jpg 300w, https:\/\/www.popular-pictures.com\/wp-content\/uploads\/2016\/04\/zweisprachiger-Kameramann-Spanien.jpg 320w\" sizes=\"(max-width: 150px) 100vw, 150px\" \/><\/a>\n\t\t\t<\/div><\/figure><figure class='gallery-item'>\n\t\t\t<div class='gallery-icon landscape'>\n\t\t\t\t<a href='https:\/\/www.popular-pictures.com\/de\/zweisprachiger-stringer-und-ubersetzer-in-andalusien-fur-2-wochigen-eu-dokumentarfim-dreh-in-sudspanien\/english-cameraman-spain-2\/'><img loading=\"lazy\" decoding=\"async\" width=\"150\" height=\"100\" src=\"https:\/\/www.popular-pictures.com\/wp-content\/uploads\/2016\/04\/english-cameraman-spain-150x100.jpg\" class=\"attachment-thumbnail size-thumbnail\" alt=\"\" srcset=\"https:\/\/www.popular-pictures.com\/wp-content\/uploads\/2016\/04\/english-cameraman-spain-150x100.jpg 150w, https:\/\/www.popular-pictures.com\/wp-content\/uploads\/2016\/04\/english-cameraman-spain-300x200.jpg 300w, https:\/\/www.popular-pictures.com\/wp-content\/uploads\/2016\/04\/english-cameraman-spain.jpg 320w\" sizes=\"(max-width: 150px) 100vw, 150px\" \/><\/a>\n\t\t\t<\/div><\/figure><figure class='gallery-item'>\n\t\t\t<div class='gallery-icon landscape'>\n\t\t\t\t<a href='https:\/\/www.popular-pictures.com\/de\/zweisprachiger-stringer-und-ubersetzer-in-andalusien-fur-2-wochigen-eu-dokumentarfim-dreh-in-sudspanien\/english-eng-crew-barcelona\/'><img loading=\"lazy\" decoding=\"async\" width=\"150\" height=\"100\" src=\"https:\/\/www.popular-pictures.com\/wp-content\/uploads\/2016\/04\/english-ENG-crew-Barcelona-150x100.jpg\" class=\"attachment-thumbnail size-thumbnail\" alt=\"\" srcset=\"https:\/\/www.popular-pictures.com\/wp-content\/uploads\/2016\/04\/english-ENG-crew-Barcelona-150x100.jpg 150w, https:\/\/www.popular-pictures.com\/wp-content\/uploads\/2016\/04\/english-ENG-crew-Barcelona-300x200.jpg 300w, https:\/\/www.popular-pictures.com\/wp-content\/uploads\/2016\/04\/english-ENG-crew-Barcelona.jpg 320w\" sizes=\"(max-width: 150px) 100vw, 150px\" \/><\/a>\n\t\t\t<\/div><\/figure><figure class='gallery-item'>\n\t\t\t<div class='gallery-icon landscape'>\n\t\t\t\t<a href='https:\/\/www.popular-pictures.com\/de\/zweisprachiger-stringer-und-ubersetzer-in-andalusien-fur-2-wochigen-eu-dokumentarfim-dreh-in-sudspanien\/live-camera-crew-barcelona\/'><img loading=\"lazy\" decoding=\"async\" width=\"150\" height=\"100\" src=\"https:\/\/www.popular-pictures.com\/wp-content\/uploads\/2016\/04\/live-camera-crew-Barcelona-150x100.jpg\" class=\"attachment-thumbnail size-thumbnail\" alt=\"\" srcset=\"https:\/\/www.popular-pictures.com\/wp-content\/uploads\/2016\/04\/live-camera-crew-Barcelona-150x100.jpg 150w, https:\/\/www.popular-pictures.com\/wp-content\/uploads\/2016\/04\/live-camera-crew-Barcelona-300x200.jpg 300w, https:\/\/www.popular-pictures.com\/wp-content\/uploads\/2016\/04\/live-camera-crew-Barcelona.jpg 320w\" sizes=\"(max-width: 150px) 100vw, 150px\" \/><\/a>\n\t\t\t<\/div><\/figure><figure class='gallery-item'>\n\t\t\t<div class='gallery-icon landscape'>\n\t\t\t\t<a href='https:\/\/www.popular-pictures.com\/de\/zweisprachiger-stringer-und-ubersetzer-in-andalusien-fur-2-wochigen-eu-dokumentarfim-dreh-in-sudspanien\/deutscher-fotograf-barcelona\/'><img loading=\"lazy\" decoding=\"async\" width=\"150\" height=\"100\" src=\"https:\/\/www.popular-pictures.com\/wp-content\/uploads\/2016\/04\/deutscher-Fotograf-Barcelona-150x100.jpg\" class=\"attachment-thumbnail size-thumbnail\" alt=\"\" srcset=\"https:\/\/www.popular-pictures.com\/wp-content\/uploads\/2016\/04\/deutscher-Fotograf-Barcelona-150x100.jpg 150w, https:\/\/www.popular-pictures.com\/wp-content\/uploads\/2016\/04\/deutscher-Fotograf-Barcelona-300x200.jpg 300w, https:\/\/www.popular-pictures.com\/wp-content\/uploads\/2016\/04\/deutscher-Fotograf-Barcelona.jpg 320w\" sizes=\"(max-width: 150px) 100vw, 150px\" \/><\/a>\n\t\t\t<\/div><\/figure>\n\t\t<\/div>\n\n","protected":false},"excerpt":{"rendered":"","protected":false},"author":1,"featured_media":0,"comment_status":"closed","ping_status":"closed","sticky":false,"template":"","format":"standard","meta":{"footnotes":""},"categories":[874],"tags":[184,99,1623,219,246,1644,1645,25,82,437,1572,34,17,792],"class_list":["post-2419","post","type-post","status-publish","format-standard","hentry","category-unkategorisiert","tag-bilingual-cameraman-spain","tag-deutsch","tag-deutsch-de-2","tag-deutsches-eb-team-spanien","tag-deutsches-kamerateam-spanien","tag-english-de-2","tag-english-speaking-de-2","tag-kamera","tag-live","tag-pa","tag-pa-de-2","tag-spanien","tag-zweisprachig","tag-zweisprachige"],"yoast_head":"<!-- This site is optimized with the Yoast SEO plugin v27.3 - https:\/\/yoast.com\/product\/yoast-seo-wordpress\/ -->\n<title>3x zweisprachige Kameram\u00e4nner f\u00fcr 2 Tage Multi-Kamera-Live Produktion f\u00fcr \u201cDeutsche Telekom\u201d in Barcelona, Spanien. Telekom Produkt-Launch mit Rapper Will.i.am von \u201cThe Black Eyed Peas\u201d w\u00e4hrend dem Mobile World Congress 2016. Link zur Veranstaltung: www.telekom.com\/innovation\/mwc-2016\/302914 - english video crew spain - Popular Pictures<\/title>\n<meta name=\"robots\" content=\"index, follow, max-snippet:-1, max-image-preview:large, max-video-preview:-1\" \/>\n<link rel=\"canonical\" href=\"https:\/\/www.popular-pictures.com\/de\/multi-kamera-live-produktion-barcelona-spanien\/\" \/>\n<meta property=\"og:locale\" content=\"de_DE\" \/>\n<meta property=\"og:type\" content=\"article\" \/>\n<meta property=\"og:title\" content=\"3x zweisprachige Kameram\u00e4nner f\u00fcr 2 Tage Multi-Kamera-Live Produktion f\u00fcr \u201cDeutsche Telekom\u201d in Barcelona, Spanien. Telekom Produkt-Launch mit Rapper Will.i.am von \u201cThe Black Eyed Peas\u201d w\u00e4hrend dem Mobile World Congress 2016. Link zur Veranstaltung: www.telekom.com\/innovation\/mwc-2016\/302914 - english video crew spain - Popular Pictures\" \/>\n<meta property=\"og:url\" content=\"https:\/\/www.popular-pictures.com\/de\/multi-kamera-live-produktion-barcelona-spanien\/\" \/>\n<meta property=\"og:site_name\" content=\"english video crew spain - Popular Pictures\" \/>\n<meta property=\"article:publisher\" content=\"https:\/\/www.facebook.com\/PopularPictures\/\" \/>\n<meta property=\"article:published_time\" content=\"2016-04-21T20:54:18+00:00\" \/>\n<meta property=\"article:modified_time\" content=\"2022-04-27T05:12:58+00:00\" \/>\n<meta property=\"og:image\" content=\"https:\/\/www.popular-pictures.com\/wp-content\/uploads\/2016\/04\/deutsches-EB-Team-Spanien-150x112.jpg\" \/>\n<meta name=\"author\" content=\"rizco\" \/>\n<meta name=\"twitter:card\" content=\"summary_large_image\" \/>\n<meta name=\"twitter:label1\" content=\"Verfasst von\" \/>\n\t<meta name=\"twitter:data1\" content=\"rizco\" \/>\n\t<meta name=\"twitter:label2\" content=\"Gesch\u00e4tzte Lesezeit\" \/>\n\t<meta name=\"twitter:data2\" content=\"1\u00a0Minute\" \/>\n<script type=\"application\/ld+json\" class=\"yoast-schema-graph\">{\"@context\":\"https:\\\/\\\/schema.org\",\"@graph\":[{\"@type\":\"Article\",\"@id\":\"https:\\\/\\\/www.popular-pictures.com\\\/de\\\/multi-kamera-live-produktion-barcelona-spanien\\\/#article\",\"isPartOf\":{\"@id\":\"https:\\\/\\\/www.popular-pictures.com\\\/de\\\/multi-kamera-live-produktion-barcelona-spanien\\\/\"},\"author\":{\"name\":\"rizco\",\"@id\":\"https:\\\/\\\/www.popular-pictures.com\\\/de\\\/#\\\/schema\\\/person\\\/dc4aacff078c57235f759073b9d60854\"},\"headline\":\"3x zweisprachige Kameram\u00e4nner f\u00fcr 2 Tage Multi-Kamera-Live Produktion f\u00fcr \u201cDeutsche Telekom\u201d in Barcelona, Spanien. Telekom Produkt-Launch mit Rapper Will.i.am von \u201cThe Black Eyed Peas\u201d w\u00e4hrend dem Mobile World Congress 2016. Link zur Veranstaltung: www.telekom.com\\\/innovation\\\/mwc-2016\\\/302914\",\"datePublished\":\"2016-04-21T20:54:18+00:00\",\"dateModified\":\"2022-04-27T05:12:58+00:00\",\"mainEntityOfPage\":{\"@id\":\"https:\\\/\\\/www.popular-pictures.com\\\/de\\\/multi-kamera-live-produktion-barcelona-spanien\\\/\"},\"wordCount\":45,\"publisher\":{\"@id\":\"https:\\\/\\\/www.popular-pictures.com\\\/de\\\/#organization\"},\"keywords\":[\"bilingual-cameraman-spain\",\"deutsch\",\"deutsch\",\"deutsches-EB-Team-Spanien\",\"deutsches-Kamerateam-Spanien\",\"english\",\"english-speaking\",\"Kamera\",\"live\",\"pa\",\"pa\",\"Spanien\",\"zweisprachig\",\"zweisprachige\"],\"articleSection\":[\"Unkategorisiert\"],\"inLanguage\":\"de\"},{\"@type\":\"WebPage\",\"@id\":\"https:\\\/\\\/www.popular-pictures.com\\\/de\\\/multi-kamera-live-produktion-barcelona-spanien\\\/\",\"url\":\"https:\\\/\\\/www.popular-pictures.com\\\/de\\\/multi-kamera-live-produktion-barcelona-spanien\\\/\",\"name\":\"3x zweisprachige Kameram\u00e4nner f\u00fcr 2 Tage Multi-Kamera-Live Produktion f\u00fcr \u201cDeutsche Telekom\u201d in Barcelona, Spanien. Telekom Produkt-Launch mit Rapper Will.i.am von \u201cThe Black Eyed Peas\u201d w\u00e4hrend dem Mobile World Congress 2016. Link zur Veranstaltung: www.telekom.com\\\/innovation\\\/mwc-2016\\\/302914 - english video crew spain - Popular Pictures\",\"isPartOf\":{\"@id\":\"https:\\\/\\\/www.popular-pictures.com\\\/de\\\/#website\"},\"datePublished\":\"2016-04-21T20:54:18+00:00\",\"dateModified\":\"2022-04-27T05:12:58+00:00\",\"breadcrumb\":{\"@id\":\"https:\\\/\\\/www.popular-pictures.com\\\/de\\\/multi-kamera-live-produktion-barcelona-spanien\\\/#breadcrumb\"},\"inLanguage\":\"de\",\"potentialAction\":[{\"@type\":\"ReadAction\",\"target\":[\"https:\\\/\\\/www.popular-pictures.com\\\/de\\\/multi-kamera-live-produktion-barcelona-spanien\\\/\"]}]},{\"@type\":\"BreadcrumbList\",\"@id\":\"https:\\\/\\\/www.popular-pictures.com\\\/de\\\/multi-kamera-live-produktion-barcelona-spanien\\\/#breadcrumb\",\"itemListElement\":[{\"@type\":\"ListItem\",\"position\":1,\"name\":\"Home\",\"item\":\"https:\\\/\\\/www.popular-pictures.com\\\/de\\\/\"},{\"@type\":\"ListItem\",\"position\":2,\"name\":\"3x zweisprachige Kameram\u00e4nner f\u00fcr 2 Tage Multi-Kamera-Live Produktion f\u00fcr \u201cDeutsche Telekom\u201d in Barcelona, Spanien. Telekom Produkt-Launch mit Rapper Will.i.am von \u201cThe Black Eyed Peas\u201d w\u00e4hrend dem Mobile World Congress 2016. Link zur Veranstaltung: www.telekom.com\\\/innovation\\\/mwc-2016\\\/302914\"}]},{\"@type\":\"WebSite\",\"@id\":\"https:\\\/\\\/www.popular-pictures.com\\\/de\\\/#website\",\"url\":\"https:\\\/\\\/www.popular-pictures.com\\\/de\\\/\",\"name\":\"english video crew spain - Popular Pictures\",\"description\":\"deutschsprachiges Kamerateam Spanien\",\"publisher\":{\"@id\":\"https:\\\/\\\/www.popular-pictures.com\\\/de\\\/#organization\"},\"potentialAction\":[{\"@type\":\"SearchAction\",\"target\":{\"@type\":\"EntryPoint\",\"urlTemplate\":\"https:\\\/\\\/www.popular-pictures.com\\\/de\\\/?s={search_term_string}\"},\"query-input\":{\"@type\":\"PropertyValueSpecification\",\"valueRequired\":true,\"valueName\":\"search_term_string\"}}],\"inLanguage\":\"de\"},{\"@type\":\"Organization\",\"@id\":\"https:\\\/\\\/www.popular-pictures.com\\\/de\\\/#organization\",\"name\":\"english video crew spain - Popular Pictures\",\"url\":\"https:\\\/\\\/www.popular-pictures.com\\\/de\\\/\",\"logo\":{\"@type\":\"ImageObject\",\"inLanguage\":\"de\",\"@id\":\"https:\\\/\\\/www.popular-pictures.com\\\/de\\\/#\\\/schema\\\/logo\\\/image\\\/\",\"url\":\"https:\\\/\\\/www.popular-pictures.com\\\/wp-content\\\/uploads\\\/2021\\\/11\\\/popularpictures-video-production-spain.png\",\"contentUrl\":\"https:\\\/\\\/www.popular-pictures.com\\\/wp-content\\\/uploads\\\/2021\\\/11\\\/popularpictures-video-production-spain.png\",\"width\":2048,\"height\":607,\"caption\":\"english video crew spain - Popular Pictures\"},\"image\":{\"@id\":\"https:\\\/\\\/www.popular-pictures.com\\\/de\\\/#\\\/schema\\\/logo\\\/image\\\/\"},\"sameAs\":[\"https:\\\/\\\/www.facebook.com\\\/PopularPictures\\\/\",\"https:\\\/\\\/www.instagram.com\\\/popularpicturesmedia\",\"https:\\\/\\\/www.linkedin.com\\\/company\\\/popular-pictures\"]},{\"@type\":\"Person\",\"@id\":\"https:\\\/\\\/www.popular-pictures.com\\\/de\\\/#\\\/schema\\\/person\\\/dc4aacff078c57235f759073b9d60854\",\"name\":\"rizco\",\"image\":{\"@type\":\"ImageObject\",\"inLanguage\":\"de\",\"@id\":\"https:\\\/\\\/secure.gravatar.com\\\/avatar\\\/939460c4d068b4ccb53eaa05cfa250636bfe4c7959925e93202c3920c4ff77b3?s=96&d=mm&r=g\",\"url\":\"https:\\\/\\\/secure.gravatar.com\\\/avatar\\\/939460c4d068b4ccb53eaa05cfa250636bfe4c7959925e93202c3920c4ff77b3?s=96&d=mm&r=g\",\"contentUrl\":\"https:\\\/\\\/secure.gravatar.com\\\/avatar\\\/939460c4d068b4ccb53eaa05cfa250636bfe4c7959925e93202c3920c4ff77b3?s=96&d=mm&r=g\",\"caption\":\"rizco\"}}]}<\/script>\n<!-- \/ Yoast SEO plugin. -->","yoast_head_json":{"title":"3x zweisprachige Kameram\u00e4nner f\u00fcr 2 Tage Multi-Kamera-Live Produktion f\u00fcr \u201cDeutsche Telekom\u201d in Barcelona, Spanien. Telekom Produkt-Launch mit Rapper Will.i.am von \u201cThe Black Eyed Peas\u201d w\u00e4hrend dem Mobile World Congress 2016. Link zur Veranstaltung: www.telekom.com\/innovation\/mwc-2016\/302914 - english video crew spain - Popular Pictures","robots":{"index":"index","follow":"follow","max-snippet":"max-snippet:-1","max-image-preview":"max-image-preview:large","max-video-preview":"max-video-preview:-1"},"canonical":"https:\/\/www.popular-pictures.com\/de\/multi-kamera-live-produktion-barcelona-spanien\/","og_locale":"de_DE","og_type":"article","og_title":"3x zweisprachige Kameram\u00e4nner f\u00fcr 2 Tage Multi-Kamera-Live Produktion f\u00fcr \u201cDeutsche Telekom\u201d in Barcelona, Spanien. Telekom Produkt-Launch mit Rapper Will.i.am von \u201cThe Black Eyed Peas\u201d w\u00e4hrend dem Mobile World Congress 2016. Link zur Veranstaltung: www.telekom.com\/innovation\/mwc-2016\/302914 - english video crew spain - Popular Pictures","og_url":"https:\/\/www.popular-pictures.com\/de\/multi-kamera-live-produktion-barcelona-spanien\/","og_site_name":"english video crew spain - Popular Pictures","article_publisher":"https:\/\/www.facebook.com\/PopularPictures\/","article_published_time":"2016-04-21T20:54:18+00:00","article_modified_time":"2022-04-27T05:12:58+00:00","og_image":[{"url":"https:\/\/www.popular-pictures.com\/wp-content\/uploads\/2016\/04\/deutsches-EB-Team-Spanien-150x112.jpg","type":"","width":"","height":""}],"author":"rizco","twitter_card":"summary_large_image","twitter_misc":{"Verfasst von":"rizco","Gesch\u00e4tzte Lesezeit":"1\u00a0Minute"},"schema":{"@context":"https:\/\/schema.org","@graph":[{"@type":"Article","@id":"https:\/\/www.popular-pictures.com\/de\/multi-kamera-live-produktion-barcelona-spanien\/#article","isPartOf":{"@id":"https:\/\/www.popular-pictures.com\/de\/multi-kamera-live-produktion-barcelona-spanien\/"},"author":{"name":"rizco","@id":"https:\/\/www.popular-pictures.com\/de\/#\/schema\/person\/dc4aacff078c57235f759073b9d60854"},"headline":"3x zweisprachige Kameram\u00e4nner f\u00fcr 2 Tage Multi-Kamera-Live Produktion f\u00fcr \u201cDeutsche Telekom\u201d in Barcelona, Spanien. Telekom Produkt-Launch mit Rapper Will.i.am von \u201cThe Black Eyed Peas\u201d w\u00e4hrend dem Mobile World Congress 2016. Link zur Veranstaltung: www.telekom.com\/innovation\/mwc-2016\/302914","datePublished":"2016-04-21T20:54:18+00:00","dateModified":"2022-04-27T05:12:58+00:00","mainEntityOfPage":{"@id":"https:\/\/www.popular-pictures.com\/de\/multi-kamera-live-produktion-barcelona-spanien\/"},"wordCount":45,"publisher":{"@id":"https:\/\/www.popular-pictures.com\/de\/#organization"},"keywords":["bilingual-cameraman-spain","deutsch","deutsch","deutsches-EB-Team-Spanien","deutsches-Kamerateam-Spanien","english","english-speaking","Kamera","live","pa","pa","Spanien","zweisprachig","zweisprachige"],"articleSection":["Unkategorisiert"],"inLanguage":"de"},{"@type":"WebPage","@id":"https:\/\/www.popular-pictures.com\/de\/multi-kamera-live-produktion-barcelona-spanien\/","url":"https:\/\/www.popular-pictures.com\/de\/multi-kamera-live-produktion-barcelona-spanien\/","name":"3x zweisprachige Kameram\u00e4nner f\u00fcr 2 Tage Multi-Kamera-Live Produktion f\u00fcr \u201cDeutsche Telekom\u201d in Barcelona, Spanien. Telekom Produkt-Launch mit Rapper Will.i.am von \u201cThe Black Eyed Peas\u201d w\u00e4hrend dem Mobile World Congress 2016. Link zur Veranstaltung: www.telekom.com\/innovation\/mwc-2016\/302914 - english video crew spain - Popular Pictures","isPartOf":{"@id":"https:\/\/www.popular-pictures.com\/de\/#website"},"datePublished":"2016-04-21T20:54:18+00:00","dateModified":"2022-04-27T05:12:58+00:00","breadcrumb":{"@id":"https:\/\/www.popular-pictures.com\/de\/multi-kamera-live-produktion-barcelona-spanien\/#breadcrumb"},"inLanguage":"de","potentialAction":[{"@type":"ReadAction","target":["https:\/\/www.popular-pictures.com\/de\/multi-kamera-live-produktion-barcelona-spanien\/"]}]},{"@type":"BreadcrumbList","@id":"https:\/\/www.popular-pictures.com\/de\/multi-kamera-live-produktion-barcelona-spanien\/#breadcrumb","itemListElement":[{"@type":"ListItem","position":1,"name":"Home","item":"https:\/\/www.popular-pictures.com\/de\/"},{"@type":"ListItem","position":2,"name":"3x zweisprachige Kameram\u00e4nner f\u00fcr 2 Tage Multi-Kamera-Live Produktion f\u00fcr \u201cDeutsche Telekom\u201d in Barcelona, Spanien. Telekom Produkt-Launch mit Rapper Will.i.am von \u201cThe Black Eyed Peas\u201d w\u00e4hrend dem Mobile World Congress 2016. Link zur Veranstaltung: www.telekom.com\/innovation\/mwc-2016\/302914"}]},{"@type":"WebSite","@id":"https:\/\/www.popular-pictures.com\/de\/#website","url":"https:\/\/www.popular-pictures.com\/de\/","name":"english video crew spain - Popular Pictures","description":"deutschsprachiges Kamerateam Spanien","publisher":{"@id":"https:\/\/www.popular-pictures.com\/de\/#organization"},"potentialAction":[{"@type":"SearchAction","target":{"@type":"EntryPoint","urlTemplate":"https:\/\/www.popular-pictures.com\/de\/?s={search_term_string}"},"query-input":{"@type":"PropertyValueSpecification","valueRequired":true,"valueName":"search_term_string"}}],"inLanguage":"de"},{"@type":"Organization","@id":"https:\/\/www.popular-pictures.com\/de\/#organization","name":"english video crew spain - Popular Pictures","url":"https:\/\/www.popular-pictures.com\/de\/","logo":{"@type":"ImageObject","inLanguage":"de","@id":"https:\/\/www.popular-pictures.com\/de\/#\/schema\/logo\/image\/","url":"https:\/\/www.popular-pictures.com\/wp-content\/uploads\/2021\/11\/popularpictures-video-production-spain.png","contentUrl":"https:\/\/www.popular-pictures.com\/wp-content\/uploads\/2021\/11\/popularpictures-video-production-spain.png","width":2048,"height":607,"caption":"english video crew spain - Popular Pictures"},"image":{"@id":"https:\/\/www.popular-pictures.com\/de\/#\/schema\/logo\/image\/"},"sameAs":["https:\/\/www.facebook.com\/PopularPictures\/","https:\/\/www.instagram.com\/popularpicturesmedia","https:\/\/www.linkedin.com\/company\/popular-pictures"]},{"@type":"Person","@id":"https:\/\/www.popular-pictures.com\/de\/#\/schema\/person\/dc4aacff078c57235f759073b9d60854","name":"rizco","image":{"@type":"ImageObject","inLanguage":"de","@id":"https:\/\/secure.gravatar.com\/avatar\/939460c4d068b4ccb53eaa05cfa250636bfe4c7959925e93202c3920c4ff77b3?s=96&d=mm&r=g","url":"https:\/\/secure.gravatar.com\/avatar\/939460c4d068b4ccb53eaa05cfa250636bfe4c7959925e93202c3920c4ff77b3?s=96&d=mm&r=g","contentUrl":"https:\/\/secure.gravatar.com\/avatar\/939460c4d068b4ccb53eaa05cfa250636bfe4c7959925e93202c3920c4ff77b3?s=96&d=mm&r=g","caption":"rizco"}}]}},"_links":{"self":[{"href":"https:\/\/www.popular-pictures.com\/de\/wp-json\/wp\/v2\/posts\/2419","targetHints":{"allow":["GET"]}}],"collection":[{"href":"https:\/\/www.popular-pictures.com\/de\/wp-json\/wp\/v2\/posts"}],"about":[{"href":"https:\/\/www.popular-pictures.com\/de\/wp-json\/wp\/v2\/types\/post"}],"author":[{"embeddable":true,"href":"https:\/\/www.popular-pictures.com\/de\/wp-json\/wp\/v2\/users\/1"}],"replies":[{"embeddable":true,"href":"https:\/\/www.popular-pictures.com\/de\/wp-json\/wp\/v2\/comments?post=2419"}],"version-history":[{"count":1,"href":"https:\/\/www.popular-pictures.com\/de\/wp-json\/wp\/v2\/posts\/2419\/revisions"}],"predecessor-version":[{"id":22493,"href":"https:\/\/www.popular-pictures.com\/de\/wp-json\/wp\/v2\/posts\/2419\/revisions\/22493"}],"wp:attachment":[{"href":"https:\/\/www.popular-pictures.com\/de\/wp-json\/wp\/v2\/media?parent=2419"}],"wp:term":[{"taxonomy":"category","embeddable":true,"href":"https:\/\/www.popular-pictures.com\/de\/wp-json\/wp\/v2\/categories?post=2419"},{"taxonomy":"post_tag","embeddable":true,"href":"https:\/\/www.popular-pictures.com\/de\/wp-json\/wp\/v2\/tags?post=2419"}],"curies":[{"name":"wp","href":"https:\/\/api.w.org\/{rel}","templated":true}]}}